{"id":1540,"date":"2023-06-20T13:45:25","date_gmt":"2023-06-20T11:45:25","guid":{"rendered":"https:\/\/www.salamah.fr\/tour\/?p=1540"},"modified":"2023-06-20T14:46:59","modified_gmt":"2023-06-20T12:46:59","slug":"just-ses-cils-24-juin-2023","status":"publish","type":"post","link":"https:\/\/www.salamah.fr\/tour\/just-ses-cils-24-juin-2023\/","title":{"rendered":"Just Ses Cils &#8211; 24 juin 2023"},"content":{"rendered":"\n\n\n[et_pb_section fb_built=\u00a0\u00bb1&Prime; admin_label=\u00a0\u00bbHero\u00a0\u00bb _builder_version=\u00a0\u00bb4.21.0&Prime; use_background_color_gradient=\u00a0\u00bbon\u00a0\u00bb background_color_gradient_stops=\u00a0\u00bbrgba(0,0,0,0.6) 0%|rgba(0,0,0,0.6) 100%\u00a0\u00bb background_color_gradient_overlays_image=\u00a0\u00bbon\u00a0\u00bb background_color_gradient_start=\u00a0\u00bbrgba(0,0,0,0.6)\u00a0\u00bb background_color_gradient_end=\u00a0\u00bbrgba(0,0,0,0.6)\u00a0\u00bb background_image=\u00a0\u00bbhttps:\/\/www.salamah.fr\/tour\/wp-content\/uploads\/2022\/11\/Justsescils-band-Salamah-2.jpg\u00a0\u00bb custom_padding=\u00a0\u00bb80px|0px|80px|0px|false|false\u00a0\u00bb filter_brightness=\u00a0\u00bb150%\u00a0\u00bb animation_style=\u00a0\u00bbzoom\u00a0\u00bb animation_intensity_zoom=\u00a0\u00bb4%\u00a0\u00bb global_colors_info=\u00a0\u00bb{}\u00a0\u00bb][et_pb_row _builder_version=\u00a0\u00bb4.16&Prime; background_size=\u00a0\u00bbinitial\u00a0\u00bb background_position=\u00a0\u00bbtop_left\u00a0\u00bb background_repeat=\u00a0\u00bbrepeat\u00a0\u00bb custom_padding=\u00a0\u00bb|||\u00a0\u00bb animation_style=\u00a0\u00bbslide\u00a0\u00bb animation_direction=\u00a0\u00bbtop\u00a0\u00bb animation_intensity_slide=\u00a0\u00bb3%\u00a0\u00bb global_colors_info=\u00a0\u00bb{}\u00a0\u00bb][et_pb_column type=\u00a0\u00bb4_4&Prime; _builder_version=\u00a0\u00bb4.16&Prime; custom_padding=\u00a0\u00bb|||\u00a0\u00bb global_colors_info=\u00a0\u00bb{}\u00a0\u00bb custom_padding__hover=\u00a0\u00bb|||\u00a0\u00bb][et_pb_text _builder_version=\u00a0\u00bb4.21.0&Prime; text_font=\u00a0\u00bbMontserrat|500||on|||||\u00a0\u00bb text_text_color=\u00a0\u00bb#f7f7f7&Prime; text_font_size=\u00a0\u00bb16px\u00a0\u00bb text_letter_spacing=\u00a0\u00bb3px\u00a0\u00bb background_size=\u00a0\u00bbinitial\u00a0\u00bb background_position=\u00a0\u00bbtop_left\u00a0\u00bb background_repeat=\u00a0\u00bbrepeat\u00a0\u00bb custom_margin=\u00a0\u00bb|||\u00a0\u00bb animation_style=\u00a0\u00bbslide\u00a0\u00bb animation_direction=\u00a0\u00bbbottom\u00a0\u00bb locked=\u00a0\u00bboff\u00a0\u00bb global_colors_info=\u00a0\u00bb{}\u00a0\u00bb]<p><span style=\"font-weight: 400;\">TRIP HOP<br \/><\/span><\/p>[\/et_pb_text][\/et_pb_column][\/et_pb_row][et_pb_row _builder_version=\u00a0\u00bb4.16&Prime; background_size=\u00a0\u00bbinitial\u00a0\u00bb background_position=\u00a0\u00bbtop_left\u00a0\u00bb background_repeat=\u00a0\u00bbrepeat\u00a0\u00bb custom_padding=\u00a0\u00bb0px|||||\u00a0\u00bb animation_style=\u00a0\u00bbslide\u00a0\u00bb animation_direction=\u00a0\u00bbtop\u00a0\u00bb animation_intensity_slide=\u00a0\u00bb3%\u00a0\u00bb global_colors_info=\u00a0\u00bb{}\u00a0\u00bb][et_pb_column type=\u00a0\u00bb4_4&Prime; _builder_version=\u00a0\u00bb4.16&Prime; custom_padding=\u00a0\u00bb|||\u00a0\u00bb global_colors_info=\u00a0\u00bb{}\u00a0\u00bb custom_padding__hover=\u00a0\u00bb|||\u00a0\u00bb][et_pb_text _builder_version=\u00a0\u00bb4.21.0&Prime; text_font=\u00a0\u00bb||||||||\u00a0\u00bb header_font=\u00a0\u00bbMontserrat|700||on|||||\u00a0\u00bb header_text_color=\u00a0\u00bb#ffffff\u00a0\u00bb header_font_size=\u00a0\u00bb60px\u00a0\u00bb header_line_height=\u00a0\u00bb1.3em\u00a0\u00bb header_2_font=\u00a0\u00bb||||||||\u00a0\u00bb background_size=\u00a0\u00bbinitial\u00a0\u00bb background_position=\u00a0\u00bbtop_left\u00a0\u00bb background_repeat=\u00a0\u00bbrepeat\u00a0\u00bb custom_margin=\u00a0\u00bb|||\u00a0\u00bb animation_style=\u00a0\u00bbfade\u00a0\u00bb header_font_size_last_edited=\u00a0\u00bboff|desktop\u00a0\u00bb locked=\u00a0\u00bboff\u00a0\u00bb global_colors_info=\u00a0\u00bb{}\u00a0\u00bb]<h1>JUST SES CILS<\/h1>[\/et_pb_text][\/et_pb_column][\/et_pb_row][et_pb_row _builder_version=\u00a0\u00bb4.16&Prime; background_size=\u00a0\u00bbinitial\u00a0\u00bb background_position=\u00a0\u00bbtop_left\u00a0\u00bb background_repeat=\u00a0\u00bbrepeat\u00a0\u00bb custom_padding=\u00a0\u00bb|||\u00a0\u00bb animation_style=\u00a0\u00bbslide\u00a0\u00bb animation_direction=\u00a0\u00bbtop\u00a0\u00bb animation_intensity_slide=\u00a0\u00bb3%\u00a0\u00bb global_colors_info=\u00a0\u00bb{}\u00a0\u00bb][et_pb_column type=\u00a0\u00bb4_4&Prime; _builder_version=\u00a0\u00bb4.16&Prime; custom_padding=\u00a0\u00bb|||\u00a0\u00bb global_colors_info=\u00a0\u00bb{}\u00a0\u00bb custom_padding__hover=\u00a0\u00bb|||\u00a0\u00bb][et_pb_text _builder_version=\u00a0\u00bb4.21.0&Prime; text_font=\u00a0\u00bb||||||||\u00a0\u00bb text_text_color=\u00a0\u00bb#ffffff\u00a0\u00bb text_font_size=\u00a0\u00bb24px\u00a0\u00bb text_line_height=\u00a0\u00bb1.8em\u00a0\u00bb background_size=\u00a0\u00bbinitial\u00a0\u00bb background_position=\u00a0\u00bbtop_left\u00a0\u00bb background_repeat=\u00a0\u00bbrepeat\u00a0\u00bb max_width=\u00a0\u00bb700px\u00a0\u00bb module_alignment=\u00a0\u00bbleft\u00a0\u00bb animation_style=\u00a0\u00bbflip\u00a0\u00bb animation_direction=\u00a0\u00bbtop\u00a0\u00bb animation_intensity_flip=\u00a0\u00bb20%\u00a0\u00bb locked=\u00a0\u00bboff\u00a0\u00bb global_colors_info=\u00a0\u00bb{}\u00a0\u00bb]<p>Seule sur sc\u00e8ne, C\u00e9cile s\u2019accompagne \u00e0 la guitare, au piano, \u00e0 la fl\u00fbte et aux machines en utilisant le principe du live sampling pour cr\u00e9er ses propres boucles en direct devant le public.<\/p>[\/et_pb_text][\/et_pb_column][\/et_pb_row][\/et_pb_section][et_pb_section fb_built=\u00a0\u00bb1&Prime; admin_label=\u00a0\u00bbText and Image\u00a0\u00bb _builder_version=\u00a0\u00bb4.16&Prime; background_color=\u00a0\u00bbRGBA(255,255,255,0)\u00a0\u00bb custom_margin=\u00a0\u00bb0px|||||\u00a0\u00bb custom_padding=\u00a0\u00bb70px|0px|40px|0px||\u00a0\u00bb global_colors_info=\u00a0\u00bb{}\u00a0\u00bb][et_pb_row _builder_version=\u00a0\u00bb4.16&Prime; _module_preset=\u00a0\u00bbdefault\u00a0\u00bb global_colors_info=\u00a0\u00bb{}\u00a0\u00bb][et_pb_column type=\u00a0\u00bb4_4&Prime; _builder_version=\u00a0\u00bb4.16&Prime; _module_preset=\u00a0\u00bbdefault\u00a0\u00bb global_colors_info=\u00a0\u00bb{}\u00a0\u00bb][et_pb_text _builder_version=\u00a0\u00bb4.21.0&Prime; _module_preset=\u00a0\u00bbdefault\u00a0\u00bb text_text_color=\u00a0\u00bb#747d88&Prime; text_font_size=\u00a0\u00bb20px\u00a0\u00bb hover_enabled=\u00a0\u00bb0&Prime; global_colors_info=\u00a0\u00bb{}\u00a0\u00bb sticky_enabled=\u00a0\u00bb0&Prime;]<p style=\"text-align: justify;\">Just Ses Cils en concert<strong> le samedi 24 juin 2023, \u00e0 18h au Refuge du Creux de Lachat<\/strong>, \u00e0 Arith (73).<\/p>\n<p style=\"text-align: justify;\">Concert organis\u00e9 par le Refuge du Creux de Lachat dans le cadre de la Tourn\u00e9e des Bauges.<\/p>[\/et_pb_text][\/et_pb_column][\/et_pb_row][et_pb_row _builder_version=\u00a0\u00bb4.21.0&Prime; _module_preset=\u00a0\u00bbdefault\u00a0\u00bb global_colors_info=\u00a0\u00bb{}\u00a0\u00bb][et_pb_column type=\u00a0\u00bb4_4&Prime; _builder_version=\u00a0\u00bb4.21.0&Prime; _module_preset=\u00a0\u00bbdefault\u00a0\u00bb global_colors_info=\u00a0\u00bb{}\u00a0\u00bb][et_pb_text _builder_version=\u00a0\u00bb4.21.0&Prime; _module_preset=\u00a0\u00bbdefault\u00a0\u00bb text_font_size=\u00a0\u00bb18px\u00a0\u00bb global_colors_info=\u00a0\u00bb{}\u00a0\u00bb]<div class=\"x11i5rnm xat24cr x1mh8g0r x1vvkbs xtlvy1s\"><a class=\"x1i10hfl xjbqb8w x6umtig x1b1mbwd xaqea5y xav7gou x9f619 x1ypdohk xt0psk2 xe8uvvx xdj266r x11i5rnm xat24cr x1mh8g0r xexx8yu x4uap5 x18d9i69 xkhd6sd x16tdsg8 x1hl2dhg xggy1nq x1a2a7pz xt0b8zv x1fey0fg\" href=\"https:\/\/www.salamah.fr\/tour\/project\/just-ses-cils\/?fbclid=IwAR1JggLCPG2LGsceLN5CUnKGPwKyPLwzhf43b8jDn4IC_sRLX9WPIAx0h4M\" rel=\"nofollow noopener noreferrer\" role=\"link\" target=\"_blank\" tabindex=\"0\"><\/a><\/div>\n<div class=\"x11i5rnm xat24cr x1mh8g0r x1vvkbs xtlvy1s\"><span class=\"x3nfvp2 x1j61x8r x1fcty0u xdj266r xhhsvwb xat24cr xgzva0m xxymvpz xlup9mm x1kky2od\"><strong>INFOS PRATIQUES<\/strong><br \/><\/span><\/div>\n<div class=\"x11i5rnm xat24cr x1mh8g0r x1vvkbs xtlvy1s\"><\/div>\n<div class=\"x11i5rnm xat24cr x1mh8g0r x1vvkbs xtlvy1s\"><span class=\"x3nfvp2 x1j61x8r x1fcty0u xdj266r xhhsvwb xat24cr xgzva0m xxymvpz xlup9mm x1kky2od\"><img loading=\"lazy\" decoding=\"async\" alt=\"\ud83c\udfa9\" referrerpolicy=\"origin-when-cross-origin\" src=\"https:\/\/static.xx.fbcdn.net\/images\/emoji.php\/v9\/t3\/1\/16\/1f3a9.png\" width=\"16\" height=\"16\" \/><\/span> Prix libre &#8211; au chapeau<br \/><span class=\"x3nfvp2 x1j61x8r x1fcty0u xdj266r xhhsvwb xat24cr xgzva0m xxymvpz xlup9mm x1kky2od\"><img loading=\"lazy\" decoding=\"async\" alt=\"\ud83c\udf7a\" referrerpolicy=\"origin-when-cross-origin\" src=\"https:\/\/static.xx.fbcdn.net\/images\/emoji.php\/v9\/t15\/1\/16\/1f37a.png\" width=\"16\" height=\"16\" \/><\/span> Bar et restauration sur place (pas d\u2019eau courante sur place)<br \/><span class=\"x3nfvp2 x1j61x8r x1fcty0u xdj266r xhhsvwb xat24cr xgzva0m xxymvpz xlup9mm x1kky2od\"><img loading=\"lazy\" decoding=\"async\" alt=\"\ud83d\udd14\" referrerpolicy=\"origin-when-cross-origin\" src=\"https:\/\/static.xx.fbcdn.net\/images\/emoji.php\/v9\/t30\/1\/16\/1f514.png\" width=\"16\" height=\"16\" \/><\/span> Attention pas de CB sur place, pr\u00e9voyez des esp\u00e8ces !<br \/><span class=\"x3nfvp2 x1j61x8r x1fcty0u xdj266r xhhsvwb xat24cr xgzva0m xxymvpz xlup9mm x1kky2od\"><img loading=\"lazy\" decoding=\"async\" alt=\"\ud83e\udd7e\" referrerpolicy=\"origin-when-cross-origin\" src=\"https:\/\/static.xx.fbcdn.net\/images\/emoji.php\/v9\/t9f\/1\/16\/1f97e.png\" width=\"16\" height=\"16\" \/><\/span>Temps de marche 1h30 depuis Arith, 2h00 depuis Saint-Fran\u00e7ois-de-Sales. Pas d\u2019acc\u00e8s en voiture<br \/><span class=\"x3nfvp2 x1j61x8r x1fcty0u xdj266r xhhsvwb xat24cr xgzva0m xxymvpz xlup9mm x1kky2od\"><img loading=\"lazy\" decoding=\"async\" alt=\"\u23f1\" referrerpolicy=\"origin-when-cross-origin\" src=\"https:\/\/static.xx.fbcdn.net\/images\/emoji.php\/v9\/tb5\/1\/16\/23f1.png\" width=\"16\" height=\"16\" \/><\/span> Horaire du concert adapt\u00e9 pour redescendre au parking avant la nuit<br \/><span class=\"x3nfvp2 x1j61x8r x1fcty0u xdj266r xhhsvwb xat24cr xgzva0m xxymvpz xlup9mm x1kky2od\"><img loading=\"lazy\" decoding=\"async\" alt=\"\u26fa\" referrerpolicy=\"origin-when-cross-origin\" src=\"https:\/\/static.xx.fbcdn.net\/images\/emoji.php\/v9\/ta8\/1\/16\/26fa.png\" width=\"16\" height=\"16\" \/><\/span> Dormir sur place : location de tente 5\u20ac, contacter Antoine pour plus d\u2019infos au 06.08.43.86.33<\/div>[\/et_pb_text][\/et_pb_column][\/et_pb_row][et_pb_row _builder_version=\u00a0\u00bb4.21.0&Prime; _module_preset=\u00a0\u00bbdefault\u00a0\u00bb][et_pb_column _builder_version=\u00a0\u00bb4.21.0&Prime; _module_preset=\u00a0\u00bbdefault\u00a0\u00bb type=\u00a0\u00bb4_4&Prime;][et_pb_text _builder_version=\u00a0\u00bb4.21.0&Prime; _module_preset=\u00a0\u00bbdefault\u00a0\u00bb hover_enabled=\u00a0\u00bb0&Prime; sticky_enabled=\u00a0\u00bb0&Prime; text_font_size=\u00a0\u00bb21px\u00a0\u00bb]<p style=\"text-align: center;\"><strong><a href=\"https:\/\/fb.me\/e\/2vobwvtot\" target=\"_blank\" rel=\"noopener\">\u00c9v\u00e9nement FB<\/a><\/strong><br \/><strong>En savoir plus sur <a href=\"https:\/\/www.salamah.fr\/tour\/tournee-des-bauges\/\">la Tourn\u00e9e des Bauges<\/a><\/strong><\/p>[\/et_pb_text][\/et_pb_column][\/et_pb_row][et_pb_row _builder_version=\u00a0\u00bb4.16&Prime; background_size=\u00a0\u00bbinitial\u00a0\u00bb background_position=\u00a0\u00bbtop_left\u00a0\u00bb background_repeat=\u00a0\u00bbrepeat\u00a0\u00bb custom_padding=\u00a0\u00bb2px|||||\u00a0\u00bb global_colors_info=\u00a0\u00bb{}\u00a0\u00bb][et_pb_column type=\u00a0\u00bb4_4&Prime; _builder_version=\u00a0\u00bb4.16&Prime; custom_padding=\u00a0\u00bb|||\u00a0\u00bb global_colors_info=\u00a0\u00bb{}\u00a0\u00bb custom_padding__hover=\u00a0\u00bb|||\u00a0\u00bb][et_pb_image src=\u00a0\u00bbhttps:\/\/www.salamah.fr\/tour\/wp-content\/uploads\/2023\/06\/Affiche-Tournee-Bauges-Justsescils-web.jpg\u00a0\u00bb title_text=\u00a0\u00bbAffiche-Tournee-Bauges-Justsescils-web\u00a0\u00bb url=\u00a0\u00bbhttps:\/\/fb.me\/e\/2vobwvtot\u00a0\u00bb url_new_window=\u00a0\u00bbon\u00a0\u00bb align=\u00a0\u00bbcenter\u00a0\u00bb align_tablet=\u00a0\u00bbcenter\u00a0\u00bb align_phone=\u00a0\u00bbcenter\u00a0\u00bb align_last_edited=\u00a0\u00bbon|desktop\u00a0\u00bb _builder_version=\u00a0\u00bb4.21.0&Prime; animation_style=\u00a0\u00bbslide\u00a0\u00bb animation_direction=\u00a0\u00bbbottom\u00a0\u00bb animation_intensity_slide=\u00a0\u00bb2%\u00a0\u00bb hover_enabled=\u00a0\u00bb0&Prime; border_width_all=\u00a0\u00bb15px\u00a0\u00bb border_color_all=\u00a0\u00bb#FFFFFF\u00a0\u00bb box_shadow_style=\u00a0\u00bbpreset1&Prime; global_colors_info=\u00a0\u00bb{}\u00a0\u00bb sticky_enabled=\u00a0\u00bb0&Prime;][\/et_pb_image][\/et_pb_column][\/et_pb_row][et_pb_row _builder_version=\u00a0\u00bb4.16&Prime; _module_preset=\u00a0\u00bbdefault\u00a0\u00bb custom_padding=\u00a0\u00bb0px||5px|||\u00a0\u00bb global_colors_info=\u00a0\u00bb{}\u00a0\u00bb][et_pb_column type=\u00a0\u00bb4_4&Prime; _builder_version=\u00a0\u00bb4.16&Prime; _module_preset=\u00a0\u00bbdefault\u00a0\u00bb global_colors_info=\u00a0\u00bb{}\u00a0\u00bb][et_pb_social_media_follow _builder_version=\u00a0\u00bb4.21.0&Prime; _module_preset=\u00a0\u00bbdefault\u00a0\u00bb text_orientation=\u00a0\u00bbcenter\u00a0\u00bb global_colors_info=\u00a0\u00bb{}\u00a0\u00bb][et_pb_social_media_follow_network social_network=\u00a0\u00bbfacebook\u00a0\u00bb url=\u00a0\u00bbhttps:\/\/fb.me\/e\/xz0FlJGd\u00a0\u00bb _builder_version=\u00a0\u00bb4.21.0&Prime; _module_preset=\u00a0\u00bbdefault\u00a0\u00bb background_color=\u00a0\u00bb#3b5998&Prime; global_colors_info=\u00a0\u00bb{}\u00a0\u00bb follow_button=\u00a0\u00bboff\u00a0\u00bb url_new_window=\u00a0\u00bbon\u00a0\u00bb]facebook[\/et_pb_social_media_follow_network][\/et_pb_social_media_follow][\/et_pb_column][\/et_pb_row][\/et_pb_section][et_pb_section fb_built=\u00a0\u00bb1&Prime; _builder_version=\u00a0\u00bb4.16&Prime; _module_preset=\u00a0\u00bbdefault\u00a0\u00bb background_color=\u00a0\u00bb#511a4c\u00a0\u00bb custom_padding=\u00a0\u00bb41px||40px|||\u00a0\u00bb global_colors_info=\u00a0\u00bb{}\u00a0\u00bb][et_pb_row _builder_version=\u00a0\u00bb4.16&Prime; _module_preset=\u00a0\u00bbdefault\u00a0\u00bb global_colors_info=\u00a0\u00bb{}\u00a0\u00bb][et_pb_column type=\u00a0\u00bb4_4&Prime; _builder_version=\u00a0\u00bb4.16&Prime; _module_preset=\u00a0\u00bbdefault\u00a0\u00bb global_colors_info=\u00a0\u00bb{}\u00a0\u00bb][et_pb_video src=\u00a0\u00bbhttps:\/\/youtu.be\/eQgfmjlOo0Q\u00a0\u00bb _builder_version=\u00a0\u00bb4.21.0&Prime; _module_preset=\u00a0\u00bbdefault\u00a0\u00bb border_width_all=\u00a0\u00bb18px\u00a0\u00bb border_color_all=\u00a0\u00bb#FFFFFF\u00a0\u00bb box_shadow_style=\u00a0\u00bbpreset1&Prime; global_colors_info=\u00a0\u00bb{}\u00a0\u00bb][\/et_pb_video][\/et_pb_column][\/et_pb_row][\/et_pb_section]\n\n\n","protected":false},"excerpt":{"rendered":"<p>TOURNEE DES BAUGES<br \/>\nJust Ses Cils au Refuge du Creux de Lachat (73) le samedi 24 juin 2023<\/p>\n","protected":false},"author":1,"featured_media":1561,"comment_status":"closed","ping_status":"closed","sticky":false,"template":"","format":"standard","meta":{"_et_pb_use_builder":"on","_et_pb_old_content":"","_et_gb_content_width":"2880","footnotes":""},"categories":[27],"tags":[],"class_list":["post-1540","post","type-post","status-publish","format-standard","has-post-thumbnail","hentry","category-concert"],"yoast_head":"<!-- This site is optimized with the Yoast SEO plugin v27.5 - https:\/\/yoast.com\/product\/yoast-seo-wordpress\/ -->\n<title>Just Ses Cils - 24 juin 2023 - Salamah Productions<\/title>\n<meta name=\"robots\" content=\"index, follow, max-snippet:-1, max-image-preview:large, max-video-preview:-1\" \/>\n<link rel=\"canonical\" href=\"https:\/\/www.salamah.fr\/tour\/just-ses-cils-24-juin-2023\/\" \/>\n<meta property=\"og:locale\" content=\"fr_FR\" \/>\n<meta property=\"og:type\" content=\"article\" \/>\n<meta property=\"og:title\" content=\"Just Ses Cils - 24 juin 2023 - Salamah Productions\" \/>\n<meta property=\"og:description\" content=\"TOURNEE DES BAUGES Just Ses Cils au Refuge du Creux de Lachat (73) le samedi 24 juin 2023\" \/>\n<meta property=\"og:url\" content=\"https:\/\/www.salamah.fr\/tour\/just-ses-cils-24-juin-2023\/\" \/>\n<meta property=\"og:site_name\" content=\"Salamah Productions\" \/>\n<meta property=\"article:publisher\" content=\"https:\/\/www.facebook.com\/Salamah.Page\" \/>\n<meta property=\"article:published_time\" content=\"2023-06-20T11:45:25+00:00\" \/>\n<meta property=\"article:modified_time\" content=\"2023-06-20T12:46:59+00:00\" \/>\n<meta property=\"og:image\" content=\"https:\/\/www.salamah.fr\/tour\/wp-content\/uploads\/2023\/06\/Bandeau-fb-refuge-just-ses-cils.jpg\" \/>\n\t<meta property=\"og:image:width\" content=\"1920\" \/>\n\t<meta property=\"og:image:height\" content=\"1080\" \/>\n\t<meta property=\"og:image:type\" content=\"image\/jpeg\" \/>\n<meta name=\"author\" content=\"Salamah_prod\" \/>\n<meta name=\"twitter:card\" content=\"summary_large_image\" \/>\n<meta name=\"twitter:label1\" content=\"\u00c9crit par\" \/>\n\t<meta name=\"twitter:data1\" content=\"Salamah_prod\" \/>\n\t<meta name=\"twitter:label2\" content=\"Dur\u00e9e de lecture estim\u00e9e\" \/>\n\t<meta name=\"twitter:data2\" content=\"5 minutes\" \/>\n<script type=\"application\/ld+json\" class=\"yoast-schema-graph\">{\"@context\":\"https:\\\/\\\/schema.org\",\"@graph\":[{\"@type\":\"Article\",\"@id\":\"https:\\\/\\\/www.salamah.fr\\\/tour\\\/just-ses-cils-24-juin-2023\\\/#article\",\"isPartOf\":{\"@id\":\"https:\\\/\\\/www.salamah.fr\\\/tour\\\/just-ses-cils-24-juin-2023\\\/\"},\"author\":{\"name\":\"Salamah_prod\",\"@id\":\"https:\\\/\\\/www.salamah.fr\\\/tour\\\/#\\\/schema\\\/person\\\/d8354415d92c97f9ff46eb3e1241499c\"},\"headline\":\"Just Ses Cils &#8211; 24 juin 2023\",\"datePublished\":\"2023-06-20T11:45:25+00:00\",\"dateModified\":\"2023-06-20T12:46:59+00:00\",\"mainEntityOfPage\":{\"@id\":\"https:\\\/\\\/www.salamah.fr\\\/tour\\\/just-ses-cils-24-juin-2023\\\/\"},\"wordCount\":1002,\"publisher\":{\"@id\":\"https:\\\/\\\/www.salamah.fr\\\/tour\\\/#organization\"},\"image\":{\"@id\":\"https:\\\/\\\/www.salamah.fr\\\/tour\\\/just-ses-cils-24-juin-2023\\\/#primaryimage\"},\"thumbnailUrl\":\"https:\\\/\\\/www.salamah.fr\\\/tour\\\/wp-content\\\/uploads\\\/2023\\\/06\\\/Bandeau-fb-refuge-just-ses-cils.jpg\",\"articleSection\":[\"Concert\"],\"inLanguage\":\"fr-FR\"},{\"@type\":\"WebPage\",\"@id\":\"https:\\\/\\\/www.salamah.fr\\\/tour\\\/just-ses-cils-24-juin-2023\\\/\",\"url\":\"https:\\\/\\\/www.salamah.fr\\\/tour\\\/just-ses-cils-24-juin-2023\\\/\",\"name\":\"Just Ses Cils - 24 juin 2023 - Salamah Productions\",\"isPartOf\":{\"@id\":\"https:\\\/\\\/www.salamah.fr\\\/tour\\\/#website\"},\"primaryImageOfPage\":{\"@id\":\"https:\\\/\\\/www.salamah.fr\\\/tour\\\/just-ses-cils-24-juin-2023\\\/#primaryimage\"},\"image\":{\"@id\":\"https:\\\/\\\/www.salamah.fr\\\/tour\\\/just-ses-cils-24-juin-2023\\\/#primaryimage\"},\"thumbnailUrl\":\"https:\\\/\\\/www.salamah.fr\\\/tour\\\/wp-content\\\/uploads\\\/2023\\\/06\\\/Bandeau-fb-refuge-just-ses-cils.jpg\",\"datePublished\":\"2023-06-20T11:45:25+00:00\",\"dateModified\":\"2023-06-20T12:46:59+00:00\",\"breadcrumb\":{\"@id\":\"https:\\\/\\\/www.salamah.fr\\\/tour\\\/just-ses-cils-24-juin-2023\\\/#breadcrumb\"},\"inLanguage\":\"fr-FR\",\"potentialAction\":[{\"@type\":\"ReadAction\",\"target\":[\"https:\\\/\\\/www.salamah.fr\\\/tour\\\/just-ses-cils-24-juin-2023\\\/\"]}]},{\"@type\":\"ImageObject\",\"inLanguage\":\"fr-FR\",\"@id\":\"https:\\\/\\\/www.salamah.fr\\\/tour\\\/just-ses-cils-24-juin-2023\\\/#primaryimage\",\"url\":\"https:\\\/\\\/www.salamah.fr\\\/tour\\\/wp-content\\\/uploads\\\/2023\\\/06\\\/Bandeau-fb-refuge-just-ses-cils.jpg\",\"contentUrl\":\"https:\\\/\\\/www.salamah.fr\\\/tour\\\/wp-content\\\/uploads\\\/2023\\\/06\\\/Bandeau-fb-refuge-just-ses-cils.jpg\",\"width\":1920,\"height\":1080},{\"@type\":\"BreadcrumbList\",\"@id\":\"https:\\\/\\\/www.salamah.fr\\\/tour\\\/just-ses-cils-24-juin-2023\\\/#breadcrumb\",\"itemListElement\":[{\"@type\":\"ListItem\",\"position\":1,\"name\":\"Accueil\",\"item\":\"https:\\\/\\\/www.salamah.fr\\\/tour\\\/\"},{\"@type\":\"ListItem\",\"position\":2,\"name\":\"Just Ses Cils &#8211; 24 juin 2023\"}]},{\"@type\":\"WebSite\",\"@id\":\"https:\\\/\\\/www.salamah.fr\\\/tour\\\/#website\",\"url\":\"https:\\\/\\\/www.salamah.fr\\\/tour\\\/\",\"name\":\"Salamah Productions\",\"description\":\"Label - Production - Booking\",\"publisher\":{\"@id\":\"https:\\\/\\\/www.salamah.fr\\\/tour\\\/#organization\"},\"potentialAction\":[{\"@type\":\"SearchAction\",\"target\":{\"@type\":\"EntryPoint\",\"urlTemplate\":\"https:\\\/\\\/www.salamah.fr\\\/tour\\\/?s={search_term_string}\"},\"query-input\":{\"@type\":\"PropertyValueSpecification\",\"valueRequired\":true,\"valueName\":\"search_term_string\"}}],\"inLanguage\":\"fr-FR\"},{\"@type\":\"Organization\",\"@id\":\"https:\\\/\\\/www.salamah.fr\\\/tour\\\/#organization\",\"name\":\"Salamah Productions\",\"url\":\"https:\\\/\\\/www.salamah.fr\\\/tour\\\/\",\"logo\":{\"@type\":\"ImageObject\",\"inLanguage\":\"fr-FR\",\"@id\":\"https:\\\/\\\/www.salamah.fr\\\/tour\\\/#\\\/schema\\\/logo\\\/image\\\/\",\"url\":\"https:\\\/\\\/www.salamah.fr\\\/tour\\\/wp-content\\\/uploads\\\/2022\\\/07\\\/Logo-Picto_Salamah_bleu.jpg\",\"contentUrl\":\"https:\\\/\\\/www.salamah.fr\\\/tour\\\/wp-content\\\/uploads\\\/2022\\\/07\\\/Logo-Picto_Salamah_bleu.jpg\",\"width\":600,\"height\":800,\"caption\":\"Salamah Productions\"},\"image\":{\"@id\":\"https:\\\/\\\/www.salamah.fr\\\/tour\\\/#\\\/schema\\\/logo\\\/image\\\/\"},\"sameAs\":[\"https:\\\/\\\/www.facebook.com\\\/Salamah.Page\",\"https:\\\/\\\/www.instagram.com\\\/salamahprod\\\/?hl=fr\",\"https:\\\/\\\/salamah.bandcamp.com\\\/\"]},{\"@type\":\"Person\",\"@id\":\"https:\\\/\\\/www.salamah.fr\\\/tour\\\/#\\\/schema\\\/person\\\/d8354415d92c97f9ff46eb3e1241499c\",\"name\":\"Salamah_prod\",\"image\":{\"@type\":\"ImageObject\",\"inLanguage\":\"fr-FR\",\"@id\":\"https:\\\/\\\/secure.gravatar.com\\\/avatar\\\/1d14f04b735d11528723d04c08e7cf1d95ddb5b7edb0db11e35b7d2d827b0c5e?s=96&d=mm&r=g\",\"url\":\"https:\\\/\\\/secure.gravatar.com\\\/avatar\\\/1d14f04b735d11528723d04c08e7cf1d95ddb5b7edb0db11e35b7d2d827b0c5e?s=96&d=mm&r=g\",\"contentUrl\":\"https:\\\/\\\/secure.gravatar.com\\\/avatar\\\/1d14f04b735d11528723d04c08e7cf1d95ddb5b7edb0db11e35b7d2d827b0c5e?s=96&d=mm&r=g\",\"caption\":\"Salamah_prod\"},\"sameAs\":[\"https:\\\/\\\/www.salamah.fr\\\/tour\"],\"url\":\"https:\\\/\\\/www.salamah.fr\\\/tour\\\/author\\\/salamah_prod\\\/\"}]}<\/script>\n<!-- \/ Yoast SEO plugin. -->","yoast_head_json":{"title":"Just Ses Cils - 24 juin 2023 - Salamah Productions","robots":{"index":"index","follow":"follow","max-snippet":"max-snippet:-1","max-image-preview":"max-image-preview:large","max-video-preview":"max-video-preview:-1"},"canonical":"https:\/\/www.salamah.fr\/tour\/just-ses-cils-24-juin-2023\/","og_locale":"fr_FR","og_type":"article","og_title":"Just Ses Cils - 24 juin 2023 - Salamah Productions","og_description":"TOURNEE DES BAUGES Just Ses Cils au Refuge du Creux de Lachat (73) le samedi 24 juin 2023","og_url":"https:\/\/www.salamah.fr\/tour\/just-ses-cils-24-juin-2023\/","og_site_name":"Salamah Productions","article_publisher":"https:\/\/www.facebook.com\/Salamah.Page","article_published_time":"2023-06-20T11:45:25+00:00","article_modified_time":"2023-06-20T12:46:59+00:00","og_image":[{"width":1920,"height":1080,"url":"https:\/\/www.salamah.fr\/tour\/wp-content\/uploads\/2023\/06\/Bandeau-fb-refuge-just-ses-cils.jpg","type":"image\/jpeg"}],"author":"Salamah_prod","twitter_card":"summary_large_image","twitter_misc":{"\u00c9crit par":"Salamah_prod","Dur\u00e9e de lecture estim\u00e9e":"5 minutes"},"schema":{"@context":"https:\/\/schema.org","@graph":[{"@type":"Article","@id":"https:\/\/www.salamah.fr\/tour\/just-ses-cils-24-juin-2023\/#article","isPartOf":{"@id":"https:\/\/www.salamah.fr\/tour\/just-ses-cils-24-juin-2023\/"},"author":{"name":"Salamah_prod","@id":"https:\/\/www.salamah.fr\/tour\/#\/schema\/person\/d8354415d92c97f9ff46eb3e1241499c"},"headline":"Just Ses Cils &#8211; 24 juin 2023","datePublished":"2023-06-20T11:45:25+00:00","dateModified":"2023-06-20T12:46:59+00:00","mainEntityOfPage":{"@id":"https:\/\/www.salamah.fr\/tour\/just-ses-cils-24-juin-2023\/"},"wordCount":1002,"publisher":{"@id":"https:\/\/www.salamah.fr\/tour\/#organization"},"image":{"@id":"https:\/\/www.salamah.fr\/tour\/just-ses-cils-24-juin-2023\/#primaryimage"},"thumbnailUrl":"https:\/\/www.salamah.fr\/tour\/wp-content\/uploads\/2023\/06\/Bandeau-fb-refuge-just-ses-cils.jpg","articleSection":["Concert"],"inLanguage":"fr-FR"},{"@type":"WebPage","@id":"https:\/\/www.salamah.fr\/tour\/just-ses-cils-24-juin-2023\/","url":"https:\/\/www.salamah.fr\/tour\/just-ses-cils-24-juin-2023\/","name":"Just Ses Cils - 24 juin 2023 - Salamah Productions","isPartOf":{"@id":"https:\/\/www.salamah.fr\/tour\/#website"},"primaryImageOfPage":{"@id":"https:\/\/www.salamah.fr\/tour\/just-ses-cils-24-juin-2023\/#primaryimage"},"image":{"@id":"https:\/\/www.salamah.fr\/tour\/just-ses-cils-24-juin-2023\/#primaryimage"},"thumbnailUrl":"https:\/\/www.salamah.fr\/tour\/wp-content\/uploads\/2023\/06\/Bandeau-fb-refuge-just-ses-cils.jpg","datePublished":"2023-06-20T11:45:25+00:00","dateModified":"2023-06-20T12:46:59+00:00","breadcrumb":{"@id":"https:\/\/www.salamah.fr\/tour\/just-ses-cils-24-juin-2023\/#breadcrumb"},"inLanguage":"fr-FR","potentialAction":[{"@type":"ReadAction","target":["https:\/\/www.salamah.fr\/tour\/just-ses-cils-24-juin-2023\/"]}]},{"@type":"ImageObject","inLanguage":"fr-FR","@id":"https:\/\/www.salamah.fr\/tour\/just-ses-cils-24-juin-2023\/#primaryimage","url":"https:\/\/www.salamah.fr\/tour\/wp-content\/uploads\/2023\/06\/Bandeau-fb-refuge-just-ses-cils.jpg","contentUrl":"https:\/\/www.salamah.fr\/tour\/wp-content\/uploads\/2023\/06\/Bandeau-fb-refuge-just-ses-cils.jpg","width":1920,"height":1080},{"@type":"BreadcrumbList","@id":"https:\/\/www.salamah.fr\/tour\/just-ses-cils-24-juin-2023\/#breadcrumb","itemListElement":[{"@type":"ListItem","position":1,"name":"Accueil","item":"https:\/\/www.salamah.fr\/tour\/"},{"@type":"ListItem","position":2,"name":"Just Ses Cils &#8211; 24 juin 2023"}]},{"@type":"WebSite","@id":"https:\/\/www.salamah.fr\/tour\/#website","url":"https:\/\/www.salamah.fr\/tour\/","name":"Salamah Productions","description":"Label - Production - Booking","publisher":{"@id":"https:\/\/www.salamah.fr\/tour\/#organization"},"potentialAction":[{"@type":"SearchAction","target":{"@type":"EntryPoint","urlTemplate":"https:\/\/www.salamah.fr\/tour\/?s={search_term_string}"},"query-input":{"@type":"PropertyValueSpecification","valueRequired":true,"valueName":"search_term_string"}}],"inLanguage":"fr-FR"},{"@type":"Organization","@id":"https:\/\/www.salamah.fr\/tour\/#organization","name":"Salamah Productions","url":"https:\/\/www.salamah.fr\/tour\/","logo":{"@type":"ImageObject","inLanguage":"fr-FR","@id":"https:\/\/www.salamah.fr\/tour\/#\/schema\/logo\/image\/","url":"https:\/\/www.salamah.fr\/tour\/wp-content\/uploads\/2022\/07\/Logo-Picto_Salamah_bleu.jpg","contentUrl":"https:\/\/www.salamah.fr\/tour\/wp-content\/uploads\/2022\/07\/Logo-Picto_Salamah_bleu.jpg","width":600,"height":800,"caption":"Salamah Productions"},"image":{"@id":"https:\/\/www.salamah.fr\/tour\/#\/schema\/logo\/image\/"},"sameAs":["https:\/\/www.facebook.com\/Salamah.Page","https:\/\/www.instagram.com\/salamahprod\/?hl=fr","https:\/\/salamah.bandcamp.com\/"]},{"@type":"Person","@id":"https:\/\/www.salamah.fr\/tour\/#\/schema\/person\/d8354415d92c97f9ff46eb3e1241499c","name":"Salamah_prod","image":{"@type":"ImageObject","inLanguage":"fr-FR","@id":"https:\/\/secure.gravatar.com\/avatar\/1d14f04b735d11528723d04c08e7cf1d95ddb5b7edb0db11e35b7d2d827b0c5e?s=96&d=mm&r=g","url":"https:\/\/secure.gravatar.com\/avatar\/1d14f04b735d11528723d04c08e7cf1d95ddb5b7edb0db11e35b7d2d827b0c5e?s=96&d=mm&r=g","contentUrl":"https:\/\/secure.gravatar.com\/avatar\/1d14f04b735d11528723d04c08e7cf1d95ddb5b7edb0db11e35b7d2d827b0c5e?s=96&d=mm&r=g","caption":"Salamah_prod"},"sameAs":["https:\/\/www.salamah.fr\/tour"],"url":"https:\/\/www.salamah.fr\/tour\/author\/salamah_prod\/"}]}},"_links":{"self":[{"href":"https:\/\/www.salamah.fr\/tour\/wp-json\/wp\/v2\/posts\/1540","targetHints":{"allow":["GET"]}}],"collection":[{"href":"https:\/\/www.salamah.fr\/tour\/wp-json\/wp\/v2\/posts"}],"about":[{"href":"https:\/\/www.salamah.fr\/tour\/wp-json\/wp\/v2\/types\/post"}],"author":[{"embeddable":true,"href":"https:\/\/www.salamah.fr\/tour\/wp-json\/wp\/v2\/users\/1"}],"replies":[{"embeddable":true,"href":"https:\/\/www.salamah.fr\/tour\/wp-json\/wp\/v2\/comments?post=1540"}],"version-history":[{"count":13,"href":"https:\/\/www.salamah.fr\/tour\/wp-json\/wp\/v2\/posts\/1540\/revisions"}],"predecessor-version":[{"id":1606,"href":"https:\/\/www.salamah.fr\/tour\/wp-json\/wp\/v2\/posts\/1540\/revisions\/1606"}],"wp:featuredmedia":[{"embeddable":true,"href":"https:\/\/www.salamah.fr\/tour\/wp-json\/wp\/v2\/media\/1561"}],"wp:attachment":[{"href":"https:\/\/www.salamah.fr\/tour\/wp-json\/wp\/v2\/media?parent=1540"}],"wp:term":[{"taxonomy":"category","embeddable":true,"href":"https:\/\/www.salamah.fr\/tour\/wp-json\/wp\/v2\/categories?post=1540"},{"taxonomy":"post_tag","embeddable":true,"href":"https:\/\/www.salamah.fr\/tour\/wp-json\/wp\/v2\/tags?post=1540"}],"curies":[{"name":"wp","href":"https:\/\/api.w.org\/{rel}","templated":true}]}}