{"id":948,"date":"2022-08-31T16:49:22","date_gmt":"2022-08-31T14:49:22","guid":{"rendered":"https:\/\/www.salamah.fr\/tour\/?p=948"},"modified":"2025-06-03T16:23:43","modified_gmt":"2025-06-03T14:23:43","slug":"le-pop-10-septembre-2022","status":"publish","type":"post","link":"https:\/\/www.salamah.fr\/tour\/le-pop-10-septembre-2022\/","title":{"rendered":"Le POP &#8211; 10 septembre 2022"},"content":{"rendered":"<p>[et_pb_section fb_built=\u00a0\u00bb1&Prime; admin_label=\u00a0\u00bbHero\u00a0\u00bb _builder_version=\u00a0\u00bb4.27.4&Prime; use_background_color_gradient=\u00a0\u00bbon\u00a0\u00bb background_color_gradient_stops=\u00a0\u00bbrgba(0,0,0,0.6) 0%|rgba(0,0,0,0.6) 100%\u00a0\u00bb background_color_gradient_overlays_image=\u00a0\u00bbon\u00a0\u00bb background_color_gradient_start=\u00a0\u00bbrgba(0,0,0,0.6)\u00a0\u00bb background_color_gradient_end=\u00a0\u00bbrgba(0,0,0,0.6)\u00a0\u00bb background_image=\u00a0\u00bbhttps:\/\/www.salamah.fr\/tour\/wp-content\/uploads\/2022\/03\/Photo-2023-scaled-1.jpg\u00a0\u00bb custom_padding=\u00a0\u00bb80px|0px|80px|0px|false|false\u00a0\u00bb filter_brightness=\u00a0\u00bb150%\u00a0\u00bb animation_style=\u00a0\u00bbzoom\u00a0\u00bb animation_intensity_zoom=\u00a0\u00bb4%\u00a0\u00bb hover_enabled=\u00a0\u00bb0&Prime; global_colors_info=\u00a0\u00bb{}\u00a0\u00bb title_text=\u00a0\u00bbLe-POP-groupe-2-salamah-productions-savoie\u00a0\u00bb sticky_enabled=\u00a0\u00bb0&Prime;][et_pb_row _builder_version=\u00a0\u00bb4.16&Prime; background_size=\u00a0\u00bbinitial\u00a0\u00bb background_position=\u00a0\u00bbtop_left\u00a0\u00bb background_repeat=\u00a0\u00bbrepeat\u00a0\u00bb custom_padding=\u00a0\u00bb|||\u00a0\u00bb animation_style=\u00a0\u00bbslide\u00a0\u00bb animation_direction=\u00a0\u00bbtop\u00a0\u00bb animation_intensity_slide=\u00a0\u00bb3%\u00a0\u00bb global_colors_info=\u00a0\u00bb{}\u00a0\u00bb][et_pb_column type=\u00a0\u00bb4_4&Prime; _builder_version=\u00a0\u00bb4.16&Prime; custom_padding=\u00a0\u00bb|||\u00a0\u00bb global_colors_info=\u00a0\u00bb{}\u00a0\u00bb custom_padding__hover=\u00a0\u00bb|||\u00a0\u00bb][et_pb_text _builder_version=\u00a0\u00bb4.18.0&Prime; text_font=\u00a0\u00bbMontserrat|500||on|||||\u00a0\u00bb text_text_color=\u00a0\u00bb#f7f7f7&Prime; text_font_size=\u00a0\u00bb16px\u00a0\u00bb text_letter_spacing=\u00a0\u00bb3px\u00a0\u00bb background_size=\u00a0\u00bbinitial\u00a0\u00bb background_position=\u00a0\u00bbtop_left\u00a0\u00bb background_repeat=\u00a0\u00bbrepeat\u00a0\u00bb custom_margin=\u00a0\u00bb|||\u00a0\u00bb animation_style=\u00a0\u00bbslide\u00a0\u00bb animation_direction=\u00a0\u00bbbottom\u00a0\u00bb locked=\u00a0\u00bboff\u00a0\u00bb global_colors_info=\u00a0\u00bb{}\u00a0\u00bb]<\/p>\n<p>DUBAROCK TRIBAL<\/p>\n<p>[\/et_pb_text][\/et_pb_column][\/et_pb_row][et_pb_row _builder_version=\u00a0\u00bb4.16&Prime; background_size=\u00a0\u00bbinitial\u00a0\u00bb background_position=\u00a0\u00bbtop_left\u00a0\u00bb background_repeat=\u00a0\u00bbrepeat\u00a0\u00bb custom_padding=\u00a0\u00bb0px|||||\u00a0\u00bb animation_style=\u00a0\u00bbslide\u00a0\u00bb animation_direction=\u00a0\u00bbtop\u00a0\u00bb animation_intensity_slide=\u00a0\u00bb3%\u00a0\u00bb global_colors_info=\u00a0\u00bb{}\u00a0\u00bb][et_pb_column type=\u00a0\u00bb4_4&Prime; _builder_version=\u00a0\u00bb4.16&Prime; custom_padding=\u00a0\u00bb|||\u00a0\u00bb global_colors_info=\u00a0\u00bb{}\u00a0\u00bb custom_padding__hover=\u00a0\u00bb|||\u00a0\u00bb][et_pb_text _builder_version=\u00a0\u00bb4.18.0&Prime; text_font=\u00a0\u00bb||||||||\u00a0\u00bb header_font=\u00a0\u00bbMontserrat|700||on|||||\u00a0\u00bb header_text_color=\u00a0\u00bb#ffffff\u00a0\u00bb header_font_size=\u00a0\u00bb60px\u00a0\u00bb header_line_height=\u00a0\u00bb1.3em\u00a0\u00bb header_2_font=\u00a0\u00bb||||||||\u00a0\u00bb background_size=\u00a0\u00bbinitial\u00a0\u00bb background_position=\u00a0\u00bbtop_left\u00a0\u00bb background_repeat=\u00a0\u00bbrepeat\u00a0\u00bb custom_margin=\u00a0\u00bb|||\u00a0\u00bb animation_style=\u00a0\u00bbfade\u00a0\u00bb header_font_size_last_edited=\u00a0\u00bboff|desktop\u00a0\u00bb locked=\u00a0\u00bboff\u00a0\u00bb global_colors_info=\u00a0\u00bb{}\u00a0\u00bb]<\/p>\n<h1>LE POP<\/h1>\n<p>[\/et_pb_text][\/et_pb_column][\/et_pb_row][et_pb_row _builder_version=\u00a0\u00bb4.16&Prime; background_size=\u00a0\u00bbinitial\u00a0\u00bb background_position=\u00a0\u00bbtop_left\u00a0\u00bb background_repeat=\u00a0\u00bbrepeat\u00a0\u00bb custom_padding=\u00a0\u00bb|||\u00a0\u00bb animation_style=\u00a0\u00bbslide\u00a0\u00bb animation_direction=\u00a0\u00bbtop\u00a0\u00bb animation_intensity_slide=\u00a0\u00bb3%\u00a0\u00bb global_colors_info=\u00a0\u00bb{}\u00a0\u00bb][et_pb_column type=\u00a0\u00bb4_4&Prime; _builder_version=\u00a0\u00bb4.16&Prime; custom_padding=\u00a0\u00bb|||\u00a0\u00bb global_colors_info=\u00a0\u00bb{}\u00a0\u00bb custom_padding__hover=\u00a0\u00bb|||\u00a0\u00bb][et_pb_text _builder_version=\u00a0\u00bb4.18.0&Prime; text_font=\u00a0\u00bb||||||||\u00a0\u00bb text_text_color=\u00a0\u00bb#ffffff\u00a0\u00bb text_font_size=\u00a0\u00bb24px\u00a0\u00bb text_line_height=\u00a0\u00bb1.8em\u00a0\u00bb background_size=\u00a0\u00bbinitial\u00a0\u00bb background_position=\u00a0\u00bbtop_left\u00a0\u00bb background_repeat=\u00a0\u00bbrepeat\u00a0\u00bb max_width=\u00a0\u00bb700px\u00a0\u00bb module_alignment=\u00a0\u00bbleft\u00a0\u00bb animation_style=\u00a0\u00bbflip\u00a0\u00bb animation_direction=\u00a0\u00bbtop\u00a0\u00bb animation_intensity_flip=\u00a0\u00bb20%\u00a0\u00bb locked=\u00a0\u00bboff\u00a0\u00bb global_colors_info=\u00a0\u00bb{}\u00a0\u00bb]<\/p>\n<p>Le Psychedelik Orkestar Project est un carambolage improbable d\u2019instruments ramen\u00e9s des quatre coins du monde, de textes en Fran\u00e7ais, et de r\u00e9f\u00e9rences \u00e9lectro multiples.<\/p>\n<p>[\/et_pb_text][\/et_pb_column][\/et_pb_row][\/et_pb_section][et_pb_section fb_built=\u00a0\u00bb1&Prime; admin_label=\u00a0\u00bbText and Image\u00a0\u00bb _builder_version=\u00a0\u00bb4.16&Prime; background_color=\u00a0\u00bbRGBA(255,255,255,0)\u00a0\u00bb custom_margin=\u00a0\u00bb0px|||||\u00a0\u00bb custom_padding=\u00a0\u00bb70px|0px|40px|0px||\u00a0\u00bb global_colors_info=\u00a0\u00bb{}\u00a0\u00bb][et_pb_row _builder_version=\u00a0\u00bb4.16&Prime; _module_preset=\u00a0\u00bbdefault\u00a0\u00bb custom_padding=\u00a0\u00bb1px|||||\u00a0\u00bb global_colors_info=\u00a0\u00bb{}\u00a0\u00bb][et_pb_column type=\u00a0\u00bb4_4&Prime; _builder_version=\u00a0\u00bb4.16&Prime; _module_preset=\u00a0\u00bbdefault\u00a0\u00bb global_colors_info=\u00a0\u00bb{}\u00a0\u00bb][et_pb_text _builder_version=\u00a0\u00bb4.18.0&Prime; _module_preset=\u00a0\u00bbdefault\u00a0\u00bb text_text_color=\u00a0\u00bb#747d88&Prime; text_font_size=\u00a0\u00bb18px\u00a0\u00bb text_line_height=\u00a0\u00bb1.8em\u00a0\u00bb global_colors_info=\u00a0\u00bb{}\u00a0\u00bb]Rendez-vous les 9 &amp; 10 septembre sur les bords du lac d&rsquo;Aiguebelette.<\/p>\n<p>VENDREDI 9 SEPTEMBRE<br \/>\nGlossy Clouds (Blues Rock)<br \/>\nAbesha (Un mix entre la musique traditionnelle et l\u2019\u00e9lectro)<br \/>\nAlawanegaine (Punk Rock)<\/p>\n<p>SAMEDI 10 SEPTEMBRE<br \/>\nAkousty Roots (Reggae\/musique du monde)<br \/>\nLe POP (LE PSYCHEDELIK ORKESTAR PROJECT) (\u00c9lectronique)<br \/>\nAs A New Revolt (Fusion)<\/p><\/div>\n<p>&#8212;&#8212;&#8212;&#8212;&#8212;&#8212;&#8212;&#8212;<br \/>\nOuverture des portes : 19h06<br \/>\nL\u00e2ch\u00e9 des fauves : 20h06<br \/>\nEntr\u00e9e prix libre<br \/>\nBuvette &amp; resto rapide[\/et_pb_text][\/et_pb_column][\/et_pb_row][et_pb_row _builder_version=\u00a0\u00bb4.16&Prime; _module_preset=\u00a0\u00bbdefault\u00a0\u00bb global_colors_info=\u00a0\u00bb{}\u00a0\u00bb][et_pb_column type=\u00a0\u00bb4_4&Prime; _builder_version=\u00a0\u00bb4.16&Prime; _module_preset=\u00a0\u00bbdefault\u00a0\u00bb global_colors_info=\u00a0\u00bb{}\u00a0\u00bb][et_pb_text _builder_version=\u00a0\u00bb4.18.0&Prime; _module_preset=\u00a0\u00bbdefault\u00a0\u00bb text_text_color=\u00a0\u00bb#747d88&Prime; text_font_size=\u00a0\u00bb18px\u00a0\u00bb global_colors_info=\u00a0\u00bb{}\u00a0\u00bb]<\/p>\n<p style=\"text-align: center;\"><span>Le POP en concert le samedi 10 septembre 2022 au site du Sougey \u00e0 Saint-Alban-de-Montbel (73).<\/span><\/p>\n<p>[\/et_pb_text][\/et_pb_column][\/et_pb_row][et_pb_row _builder_version=\u00a0\u00bb4.16&Prime; background_size=\u00a0\u00bbinitial\u00a0\u00bb background_position=\u00a0\u00bbtop_left\u00a0\u00bb background_repeat=\u00a0\u00bbrepeat\u00a0\u00bb custom_padding=\u00a0\u00bb2px|||||\u00a0\u00bb global_colors_info=\u00a0\u00bb{}\u00a0\u00bb][et_pb_column type=\u00a0\u00bb4_4&Prime; _builder_version=\u00a0\u00bb4.16&Prime; custom_padding=\u00a0\u00bb|||\u00a0\u00bb global_colors_info=\u00a0\u00bb{}\u00a0\u00bb custom_padding__hover=\u00a0\u00bb|||\u00a0\u00bb][et_pb_image src=\u00a0\u00bbhttps:\/\/www.salamah.fr\/tour\/wp-content\/uploads\/2022\/08\/LePOP-lagranderioule-Salamah.jpg\u00a0\u00bb title_text=\u00a0\u00bbLePOP-lagranderioule-Salamah\u00a0\u00bb url=\u00a0\u00bbhttps:\/\/www.facebook.com\/assoladenie\/\u00a0\u00bb url_new_window=\u00a0\u00bbon\u00a0\u00bb align=\u00a0\u00bbcenter\u00a0\u00bb align_tablet=\u00a0\u00bbcenter\u00a0\u00bb align_phone=\u00a0\u00bbcenter\u00a0\u00bb align_last_edited=\u00a0\u00bbon|desktop\u00a0\u00bb _builder_version=\u00a0\u00bb4.18.0&Prime; animation_style=\u00a0\u00bbslide\u00a0\u00bb animation_direction=\u00a0\u00bbbottom\u00a0\u00bb animation_intensity_slide=\u00a0\u00bb2%\u00a0\u00bb border_width_all=\u00a0\u00bb15px\u00a0\u00bb border_color_all=\u00a0\u00bb#FFFFFF\u00a0\u00bb box_shadow_style=\u00a0\u00bbpreset1&Prime; global_colors_info=\u00a0\u00bb{}\u00a0\u00bb][\/et_pb_image][\/et_pb_column][\/et_pb_row][et_pb_row _builder_version=\u00a0\u00bb4.16&Prime; _module_preset=\u00a0\u00bbdefault\u00a0\u00bb custom_padding=\u00a0\u00bb0px||5px|||\u00a0\u00bb global_colors_info=\u00a0\u00bb{}\u00a0\u00bb][et_pb_column type=\u00a0\u00bb4_4&Prime; _builder_version=\u00a0\u00bb4.16&Prime; _module_preset=\u00a0\u00bbdefault\u00a0\u00bb global_colors_info=\u00a0\u00bb{}\u00a0\u00bb][et_pb_social_media_follow _builder_version=\u00a0\u00bb4.18.0&Prime; _module_preset=\u00a0\u00bbdefault\u00a0\u00bb text_orientation=\u00a0\u00bbcenter\u00a0\u00bb global_colors_info=\u00a0\u00bb{}\u00a0\u00bb][et_pb_social_media_follow_network social_network=\u00a0\u00bbinstagram\u00a0\u00bb url=\u00a0\u00bbhttps:\/\/www.instagram.com\/assoladenie\/?fbclid=IwAR1rg8c5n2y7-n-Y5UcZhmoYr6qoJSzSw11S95HgO3ojHgiQX-ExfyqQJL0&Prime; _builder_version=\u00a0\u00bb4.18.0&Prime; _module_preset=\u00a0\u00bbdefault\u00a0\u00bb background_color=\u00a0\u00bb#ea2c59&Prime; global_colors_info=\u00a0\u00bb{}\u00a0\u00bb follow_button=\u00a0\u00bboff\u00a0\u00bb url_new_window=\u00a0\u00bbon\u00a0\u00bb]instagram[\/et_pb_social_media_follow_network][et_pb_social_media_follow_network social_network=\u00a0\u00bbfacebook\u00a0\u00bb url=\u00a0\u00bbhttps:\/\/www.facebook.com\/assoladenie\/\u00a0\u00bb _builder_version=\u00a0\u00bb4.18.0&Prime; _module_preset=\u00a0\u00bbdefault\u00a0\u00bb background_color=\u00a0\u00bb#3b5998&Prime; global_colors_info=\u00a0\u00bb{}\u00a0\u00bb follow_button=\u00a0\u00bboff\u00a0\u00bb url_new_window=\u00a0\u00bbon\u00a0\u00bb]facebook[\/et_pb_social_media_follow_network][\/et_pb_social_media_follow][\/et_pb_column][\/et_pb_row][\/et_pb_section]<\/p>\n","protected":false},"excerpt":{"rendered":"<p>Le POP \u00e0 la Grande Rioule \u00e0 Saint-Alban-de-Montbel (73) le samedi 10 septembre 2022<\/p>\n","protected":false},"author":1,"featured_media":961,"comment_status":"closed","ping_status":"closed","sticky":false,"template":"","format":"standard","meta":{"_et_pb_use_builder":"on","_et_pb_old_content":"","_et_gb_content_width":"2880","footnotes":""},"categories":[27],"tags":[],"class_list":["post-948","post","type-post","status-publish","format-standard","has-post-thumbnail","hentry","category-concert"],"yoast_head":"<!-- This site is optimized with the Yoast SEO plugin v27.5 - https:\/\/yoast.com\/product\/yoast-seo-wordpress\/ -->\n<title>Le POP - 10 septembre 2022 - Salamah Productions<\/title>\n<meta name=\"robots\" content=\"index, follow, max-snippet:-1, max-image-preview:large, max-video-preview:-1\" \/>\n<link rel=\"canonical\" href=\"https:\/\/www.salamah.fr\/tour\/le-pop-10-septembre-2022\/\" \/>\n<meta property=\"og:locale\" content=\"fr_FR\" \/>\n<meta property=\"og:type\" content=\"article\" \/>\n<meta property=\"og:title\" content=\"Le POP - 10 septembre 2022 - Salamah Productions\" \/>\n<meta property=\"og:description\" content=\"Le POP \u00e0 la Grande Rioule \u00e0 Saint-Alban-de-Montbel (73) le samedi 10 septembre 2022\" \/>\n<meta property=\"og:url\" content=\"https:\/\/www.salamah.fr\/tour\/le-pop-10-septembre-2022\/\" \/>\n<meta property=\"og:site_name\" content=\"Salamah Productions\" \/>\n<meta property=\"article:publisher\" content=\"https:\/\/www.facebook.com\/Salamah.Page\" \/>\n<meta property=\"article:published_time\" content=\"2022-08-31T14:49:22+00:00\" \/>\n<meta property=\"article:modified_time\" content=\"2025-06-03T14:23:43+00:00\" \/>\n<meta property=\"og:image\" content=\"https:\/\/www.salamah.fr\/tour\/wp-content\/uploads\/2022\/08\/LePOP-lagranderioule-Salamah2-1.jpg\" \/>\n\t<meta property=\"og:image:width\" content=\"870\" \/>\n\t<meta property=\"og:image:height\" content=\"597\" \/>\n\t<meta property=\"og:image:type\" content=\"image\/jpeg\" \/>\n<meta name=\"author\" content=\"Salamah_prod\" \/>\n<meta name=\"twitter:card\" content=\"summary_large_image\" \/>\n<meta name=\"twitter:label1\" content=\"\u00c9crit par\" \/>\n\t<meta name=\"twitter:data1\" content=\"Salamah_prod\" \/>\n\t<meta name=\"twitter:label2\" content=\"Dur\u00e9e de lecture estim\u00e9e\" \/>\n\t<meta name=\"twitter:data2\" content=\"4 minutes\" \/>\n<script type=\"application\/ld+json\" class=\"yoast-schema-graph\">{\"@context\":\"https:\\\/\\\/schema.org\",\"@graph\":[{\"@type\":\"Article\",\"@id\":\"https:\\\/\\\/www.salamah.fr\\\/tour\\\/le-pop-10-septembre-2022\\\/#article\",\"isPartOf\":{\"@id\":\"https:\\\/\\\/www.salamah.fr\\\/tour\\\/le-pop-10-septembre-2022\\\/\"},\"author\":{\"name\":\"Salamah_prod\",\"@id\":\"https:\\\/\\\/www.salamah.fr\\\/tour\\\/#\\\/schema\\\/person\\\/d8354415d92c97f9ff46eb3e1241499c\"},\"headline\":\"Le POP &#8211; 10 septembre 2022\",\"datePublished\":\"2022-08-31T14:49:22+00:00\",\"dateModified\":\"2025-06-03T14:23:43+00:00\",\"mainEntityOfPage\":{\"@id\":\"https:\\\/\\\/www.salamah.fr\\\/tour\\\/le-pop-10-septembre-2022\\\/\"},\"wordCount\":895,\"publisher\":{\"@id\":\"https:\\\/\\\/www.salamah.fr\\\/tour\\\/#organization\"},\"image\":{\"@id\":\"https:\\\/\\\/www.salamah.fr\\\/tour\\\/le-pop-10-septembre-2022\\\/#primaryimage\"},\"thumbnailUrl\":\"https:\\\/\\\/www.salamah.fr\\\/tour\\\/wp-content\\\/uploads\\\/2022\\\/08\\\/LePOP-lagranderioule-Salamah2-1.jpg\",\"articleSection\":[\"Concert\"],\"inLanguage\":\"fr-FR\"},{\"@type\":\"WebPage\",\"@id\":\"https:\\\/\\\/www.salamah.fr\\\/tour\\\/le-pop-10-septembre-2022\\\/\",\"url\":\"https:\\\/\\\/www.salamah.fr\\\/tour\\\/le-pop-10-septembre-2022\\\/\",\"name\":\"Le POP - 10 septembre 2022 - Salamah Productions\",\"isPartOf\":{\"@id\":\"https:\\\/\\\/www.salamah.fr\\\/tour\\\/#website\"},\"primaryImageOfPage\":{\"@id\":\"https:\\\/\\\/www.salamah.fr\\\/tour\\\/le-pop-10-septembre-2022\\\/#primaryimage\"},\"image\":{\"@id\":\"https:\\\/\\\/www.salamah.fr\\\/tour\\\/le-pop-10-septembre-2022\\\/#primaryimage\"},\"thumbnailUrl\":\"https:\\\/\\\/www.salamah.fr\\\/tour\\\/wp-content\\\/uploads\\\/2022\\\/08\\\/LePOP-lagranderioule-Salamah2-1.jpg\",\"datePublished\":\"2022-08-31T14:49:22+00:00\",\"dateModified\":\"2025-06-03T14:23:43+00:00\",\"breadcrumb\":{\"@id\":\"https:\\\/\\\/www.salamah.fr\\\/tour\\\/le-pop-10-septembre-2022\\\/#breadcrumb\"},\"inLanguage\":\"fr-FR\",\"potentialAction\":[{\"@type\":\"ReadAction\",\"target\":[\"https:\\\/\\\/www.salamah.fr\\\/tour\\\/le-pop-10-septembre-2022\\\/\"]}]},{\"@type\":\"ImageObject\",\"inLanguage\":\"fr-FR\",\"@id\":\"https:\\\/\\\/www.salamah.fr\\\/tour\\\/le-pop-10-septembre-2022\\\/#primaryimage\",\"url\":\"https:\\\/\\\/www.salamah.fr\\\/tour\\\/wp-content\\\/uploads\\\/2022\\\/08\\\/LePOP-lagranderioule-Salamah2-1.jpg\",\"contentUrl\":\"https:\\\/\\\/www.salamah.fr\\\/tour\\\/wp-content\\\/uploads\\\/2022\\\/08\\\/LePOP-lagranderioule-Salamah2-1.jpg\",\"width\":870,\"height\":597},{\"@type\":\"BreadcrumbList\",\"@id\":\"https:\\\/\\\/www.salamah.fr\\\/tour\\\/le-pop-10-septembre-2022\\\/#breadcrumb\",\"itemListElement\":[{\"@type\":\"ListItem\",\"position\":1,\"name\":\"Accueil\",\"item\":\"https:\\\/\\\/www.salamah.fr\\\/tour\\\/\"},{\"@type\":\"ListItem\",\"position\":2,\"name\":\"Le POP &#8211; 10 septembre 2022\"}]},{\"@type\":\"WebSite\",\"@id\":\"https:\\\/\\\/www.salamah.fr\\\/tour\\\/#website\",\"url\":\"https:\\\/\\\/www.salamah.fr\\\/tour\\\/\",\"name\":\"Salamah Productions\",\"description\":\"Label - Production - Booking\",\"publisher\":{\"@id\":\"https:\\\/\\\/www.salamah.fr\\\/tour\\\/#organization\"},\"potentialAction\":[{\"@type\":\"SearchAction\",\"target\":{\"@type\":\"EntryPoint\",\"urlTemplate\":\"https:\\\/\\\/www.salamah.fr\\\/tour\\\/?s={search_term_string}\"},\"query-input\":{\"@type\":\"PropertyValueSpecification\",\"valueRequired\":true,\"valueName\":\"search_term_string\"}}],\"inLanguage\":\"fr-FR\"},{\"@type\":\"Organization\",\"@id\":\"https:\\\/\\\/www.salamah.fr\\\/tour\\\/#organization\",\"name\":\"Salamah Productions\",\"url\":\"https:\\\/\\\/www.salamah.fr\\\/tour\\\/\",\"logo\":{\"@type\":\"ImageObject\",\"inLanguage\":\"fr-FR\",\"@id\":\"https:\\\/\\\/www.salamah.fr\\\/tour\\\/#\\\/schema\\\/logo\\\/image\\\/\",\"url\":\"https:\\\/\\\/www.salamah.fr\\\/tour\\\/wp-content\\\/uploads\\\/2022\\\/07\\\/Logo-Picto_Salamah_bleu.jpg\",\"contentUrl\":\"https:\\\/\\\/www.salamah.fr\\\/tour\\\/wp-content\\\/uploads\\\/2022\\\/07\\\/Logo-Picto_Salamah_bleu.jpg\",\"width\":600,\"height\":800,\"caption\":\"Salamah Productions\"},\"image\":{\"@id\":\"https:\\\/\\\/www.salamah.fr\\\/tour\\\/#\\\/schema\\\/logo\\\/image\\\/\"},\"sameAs\":[\"https:\\\/\\\/www.facebook.com\\\/Salamah.Page\",\"https:\\\/\\\/www.instagram.com\\\/salamahprod\\\/?hl=fr\",\"https:\\\/\\\/salamah.bandcamp.com\\\/\"]},{\"@type\":\"Person\",\"@id\":\"https:\\\/\\\/www.salamah.fr\\\/tour\\\/#\\\/schema\\\/person\\\/d8354415d92c97f9ff46eb3e1241499c\",\"name\":\"Salamah_prod\",\"image\":{\"@type\":\"ImageObject\",\"inLanguage\":\"fr-FR\",\"@id\":\"https:\\\/\\\/secure.gravatar.com\\\/avatar\\\/1d14f04b735d11528723d04c08e7cf1d95ddb5b7edb0db11e35b7d2d827b0c5e?s=96&d=mm&r=g\",\"url\":\"https:\\\/\\\/secure.gravatar.com\\\/avatar\\\/1d14f04b735d11528723d04c08e7cf1d95ddb5b7edb0db11e35b7d2d827b0c5e?s=96&d=mm&r=g\",\"contentUrl\":\"https:\\\/\\\/secure.gravatar.com\\\/avatar\\\/1d14f04b735d11528723d04c08e7cf1d95ddb5b7edb0db11e35b7d2d827b0c5e?s=96&d=mm&r=g\",\"caption\":\"Salamah_prod\"},\"sameAs\":[\"https:\\\/\\\/www.salamah.fr\\\/tour\"],\"url\":\"https:\\\/\\\/www.salamah.fr\\\/tour\\\/author\\\/salamah_prod\\\/\"}]}<\/script>\n<!-- \/ Yoast SEO plugin. -->","yoast_head_json":{"title":"Le POP - 10 septembre 2022 - Salamah Productions","robots":{"index":"index","follow":"follow","max-snippet":"max-snippet:-1","max-image-preview":"max-image-preview:large","max-video-preview":"max-video-preview:-1"},"canonical":"https:\/\/www.salamah.fr\/tour\/le-pop-10-septembre-2022\/","og_locale":"fr_FR","og_type":"article","og_title":"Le POP - 10 septembre 2022 - Salamah Productions","og_description":"Le POP \u00e0 la Grande Rioule \u00e0 Saint-Alban-de-Montbel (73) le samedi 10 septembre 2022","og_url":"https:\/\/www.salamah.fr\/tour\/le-pop-10-septembre-2022\/","og_site_name":"Salamah Productions","article_publisher":"https:\/\/www.facebook.com\/Salamah.Page","article_published_time":"2022-08-31T14:49:22+00:00","article_modified_time":"2025-06-03T14:23:43+00:00","og_image":[{"width":870,"height":597,"url":"https:\/\/www.salamah.fr\/tour\/wp-content\/uploads\/2022\/08\/LePOP-lagranderioule-Salamah2-1.jpg","type":"image\/jpeg"}],"author":"Salamah_prod","twitter_card":"summary_large_image","twitter_misc":{"\u00c9crit par":"Salamah_prod","Dur\u00e9e de lecture estim\u00e9e":"4 minutes"},"schema":{"@context":"https:\/\/schema.org","@graph":[{"@type":"Article","@id":"https:\/\/www.salamah.fr\/tour\/le-pop-10-septembre-2022\/#article","isPartOf":{"@id":"https:\/\/www.salamah.fr\/tour\/le-pop-10-septembre-2022\/"},"author":{"name":"Salamah_prod","@id":"https:\/\/www.salamah.fr\/tour\/#\/schema\/person\/d8354415d92c97f9ff46eb3e1241499c"},"headline":"Le POP &#8211; 10 septembre 2022","datePublished":"2022-08-31T14:49:22+00:00","dateModified":"2025-06-03T14:23:43+00:00","mainEntityOfPage":{"@id":"https:\/\/www.salamah.fr\/tour\/le-pop-10-septembre-2022\/"},"wordCount":895,"publisher":{"@id":"https:\/\/www.salamah.fr\/tour\/#organization"},"image":{"@id":"https:\/\/www.salamah.fr\/tour\/le-pop-10-septembre-2022\/#primaryimage"},"thumbnailUrl":"https:\/\/www.salamah.fr\/tour\/wp-content\/uploads\/2022\/08\/LePOP-lagranderioule-Salamah2-1.jpg","articleSection":["Concert"],"inLanguage":"fr-FR"},{"@type":"WebPage","@id":"https:\/\/www.salamah.fr\/tour\/le-pop-10-septembre-2022\/","url":"https:\/\/www.salamah.fr\/tour\/le-pop-10-septembre-2022\/","name":"Le POP - 10 septembre 2022 - Salamah Productions","isPartOf":{"@id":"https:\/\/www.salamah.fr\/tour\/#website"},"primaryImageOfPage":{"@id":"https:\/\/www.salamah.fr\/tour\/le-pop-10-septembre-2022\/#primaryimage"},"image":{"@id":"https:\/\/www.salamah.fr\/tour\/le-pop-10-septembre-2022\/#primaryimage"},"thumbnailUrl":"https:\/\/www.salamah.fr\/tour\/wp-content\/uploads\/2022\/08\/LePOP-lagranderioule-Salamah2-1.jpg","datePublished":"2022-08-31T14:49:22+00:00","dateModified":"2025-06-03T14:23:43+00:00","breadcrumb":{"@id":"https:\/\/www.salamah.fr\/tour\/le-pop-10-septembre-2022\/#breadcrumb"},"inLanguage":"fr-FR","potentialAction":[{"@type":"ReadAction","target":["https:\/\/www.salamah.fr\/tour\/le-pop-10-septembre-2022\/"]}]},{"@type":"ImageObject","inLanguage":"fr-FR","@id":"https:\/\/www.salamah.fr\/tour\/le-pop-10-septembre-2022\/#primaryimage","url":"https:\/\/www.salamah.fr\/tour\/wp-content\/uploads\/2022\/08\/LePOP-lagranderioule-Salamah2-1.jpg","contentUrl":"https:\/\/www.salamah.fr\/tour\/wp-content\/uploads\/2022\/08\/LePOP-lagranderioule-Salamah2-1.jpg","width":870,"height":597},{"@type":"BreadcrumbList","@id":"https:\/\/www.salamah.fr\/tour\/le-pop-10-septembre-2022\/#breadcrumb","itemListElement":[{"@type":"ListItem","position":1,"name":"Accueil","item":"https:\/\/www.salamah.fr\/tour\/"},{"@type":"ListItem","position":2,"name":"Le POP &#8211; 10 septembre 2022"}]},{"@type":"WebSite","@id":"https:\/\/www.salamah.fr\/tour\/#website","url":"https:\/\/www.salamah.fr\/tour\/","name":"Salamah Productions","description":"Label - Production - Booking","publisher":{"@id":"https:\/\/www.salamah.fr\/tour\/#organization"},"potentialAction":[{"@type":"SearchAction","target":{"@type":"EntryPoint","urlTemplate":"https:\/\/www.salamah.fr\/tour\/?s={search_term_string}"},"query-input":{"@type":"PropertyValueSpecification","valueRequired":true,"valueName":"search_term_string"}}],"inLanguage":"fr-FR"},{"@type":"Organization","@id":"https:\/\/www.salamah.fr\/tour\/#organization","name":"Salamah Productions","url":"https:\/\/www.salamah.fr\/tour\/","logo":{"@type":"ImageObject","inLanguage":"fr-FR","@id":"https:\/\/www.salamah.fr\/tour\/#\/schema\/logo\/image\/","url":"https:\/\/www.salamah.fr\/tour\/wp-content\/uploads\/2022\/07\/Logo-Picto_Salamah_bleu.jpg","contentUrl":"https:\/\/www.salamah.fr\/tour\/wp-content\/uploads\/2022\/07\/Logo-Picto_Salamah_bleu.jpg","width":600,"height":800,"caption":"Salamah Productions"},"image":{"@id":"https:\/\/www.salamah.fr\/tour\/#\/schema\/logo\/image\/"},"sameAs":["https:\/\/www.facebook.com\/Salamah.Page","https:\/\/www.instagram.com\/salamahprod\/?hl=fr","https:\/\/salamah.bandcamp.com\/"]},{"@type":"Person","@id":"https:\/\/www.salamah.fr\/tour\/#\/schema\/person\/d8354415d92c97f9ff46eb3e1241499c","name":"Salamah_prod","image":{"@type":"ImageObject","inLanguage":"fr-FR","@id":"https:\/\/secure.gravatar.com\/avatar\/1d14f04b735d11528723d04c08e7cf1d95ddb5b7edb0db11e35b7d2d827b0c5e?s=96&d=mm&r=g","url":"https:\/\/secure.gravatar.com\/avatar\/1d14f04b735d11528723d04c08e7cf1d95ddb5b7edb0db11e35b7d2d827b0c5e?s=96&d=mm&r=g","contentUrl":"https:\/\/secure.gravatar.com\/avatar\/1d14f04b735d11528723d04c08e7cf1d95ddb5b7edb0db11e35b7d2d827b0c5e?s=96&d=mm&r=g","caption":"Salamah_prod"},"sameAs":["https:\/\/www.salamah.fr\/tour"],"url":"https:\/\/www.salamah.fr\/tour\/author\/salamah_prod\/"}]}},"_links":{"self":[{"href":"https:\/\/www.salamah.fr\/tour\/wp-json\/wp\/v2\/posts\/948","targetHints":{"allow":["GET"]}}],"collection":[{"href":"https:\/\/www.salamah.fr\/tour\/wp-json\/wp\/v2\/posts"}],"about":[{"href":"https:\/\/www.salamah.fr\/tour\/wp-json\/wp\/v2\/types\/post"}],"author":[{"embeddable":true,"href":"https:\/\/www.salamah.fr\/tour\/wp-json\/wp\/v2\/users\/1"}],"replies":[{"embeddable":true,"href":"https:\/\/www.salamah.fr\/tour\/wp-json\/wp\/v2\/comments?post=948"}],"version-history":[{"count":14,"href":"https:\/\/www.salamah.fr\/tour\/wp-json\/wp\/v2\/posts\/948\/revisions"}],"predecessor-version":[{"id":2998,"href":"https:\/\/www.salamah.fr\/tour\/wp-json\/wp\/v2\/posts\/948\/revisions\/2998"}],"wp:featuredmedia":[{"embeddable":true,"href":"https:\/\/www.salamah.fr\/tour\/wp-json\/wp\/v2\/media\/961"}],"wp:attachment":[{"href":"https:\/\/www.salamah.fr\/tour\/wp-json\/wp\/v2\/media?parent=948"}],"wp:term":[{"taxonomy":"category","embeddable":true,"href":"https:\/\/www.salamah.fr\/tour\/wp-json\/wp\/v2\/categories?post=948"},{"taxonomy":"post_tag","embeddable":true,"href":"https:\/\/www.salamah.fr\/tour\/wp-json\/wp\/v2\/tags?post=948"}],"curies":[{"name":"wp","href":"https:\/\/api.w.org\/{rel}","templated":true}]}}